{"id":149,"date":"2020-08-25T12:00:00","date_gmt":"2020-08-25T15:00:00","guid":{"rendered":"http:\/\/cbianchi.com.br\/blog\/?p=149"},"modified":"2020-08-24T15:00:07","modified_gmt":"2020-08-24T18:00:07","slug":"como-lidar-com-o-estresse-traumatico","status":"publish","type":"post","link":"https:\/\/cbianchi.com.br\/blog\/como-lidar-com-o-estresse-traumatico\/","title":{"rendered":"Como lidar com o estresse traum\u00e1tico?"},"content":{"rendered":"\n<p>Ao longo da vida, \u00e9 comum ser exposto a um evento traum\u00e1tico , seja um ato violento, uma les\u00e3o grave, uma viola\u00e7\u00e3o sexual ou outro evento chocante. Em resposta, muitos sofrer\u00e3o estresse traum\u00e1tico &#8211; uma rea\u00e7\u00e3o normal a um evento anormal. As pessoas podem at\u00e9 passar por estresse traum\u00e1tico apenas por testemunhar um evento altamente angustiante ou por um parente pr\u00f3ximo ou amigo passar por tal evento.<\/p>\n\n\n\n<p>Nos dias e semanas ap\u00f3s esse trauma, \u00e9 comum que as pessoas tenham uma onda de emo\u00e7\u00f5es e sintomas f\u00edsicos imprevis\u00edveis.\u00a0Eles incluem:\u00a0tristeza, sensa\u00e7\u00e3o de nervosismo, sobressalto ou alerta m\u00e1ximo, irritabilidade ou raiva, dificuldade em dormir, problemas de relacionamento, pensamentos intrusivos, flashbacks ou pesadelos, dificuldade em sentir emo\u00e7\u00f5es positivas, evitar pessoas, lugares, mem\u00f3rias ou pensamentos associados ao evento traum\u00e1tico.\u00a0<\/p>\n\n\n\n<p>Normalmente, esses sintomas melhoram com o tempo. Mas, para algumas pessoas, os sintomas mais intensos permanecem ou interferem em suas vidas di\u00e1rias e n\u00e3o desaparecem por conta pr\u00f3pria. Algumas pessoas podem desenvolver transtorno de estresse agudo, no qual apresentam sintomas extremos de estresse que interferem significativamente na vida di\u00e1ria, na escola, no trabalho ou no funcionamento social no m\u00eas seguinte a um evento traum\u00e1tico. Outros podem desenvolver transtorno de estresse p\u00f3s-traum\u00e1tico (TEPT) , com sintomas que interferem na vida di\u00e1ria e perduram por mais de um m\u00eas ap\u00f3s o trauma.<\/p>\n\n\n\n<p><strong>Lidando com o estresse traum\u00e1tico<\/strong><\/p>\n\n\n\n<p>A boa not\u00edcia \u00e9 que existem maneiras muito eficazes de lidar e tratar os efeitos estressantes do trauma.\u00a0Psic\u00f3logos e outros pesquisadores descobriram que essas a\u00e7\u00f5es podem ajudar:\u00a0<\/p>\n\n\n\n<p><strong>Conte com seus entes queridos.\u00a0<\/strong>Identifique amigos ou familiares para apoio.\u00a0Se voc\u00ea se sentir pronto para discutir o evento traum\u00e1tico, converse com eles sobre sua experi\u00eancia e seus sentimentos.\u00a0Voc\u00ea tamb\u00e9m pode pedir a seus entes queridos que o ajudem com as tarefas dom\u00e9sticas ou outras obriga\u00e7\u00f5es para aliviar parte do estresse di\u00e1rio.\u00a0<\/p>\n\n\n\n<p><strong>Enfrente seus sentimentos.\u00a0<\/strong>\u00c9 normal querer evitar pensar em um evento traum\u00e1tico.\u00a0Mas n\u00e3o sair de casa, dormir o tempo todo, isolar-se dos entes queridos e usar subst\u00e2ncias para escapar de lembretes n\u00e3o s\u00e3o maneiras saud\u00e1veis \u200b\u200bde enfrentar o tempo.\u00a0Embora evit\u00e1-la seja normal, muito dela pode prolongar o estresse e impedir a cura.\u00a0Gradualmente, tente voltar \u00e0 rotina normal.\u00a0(O apoio de entes queridos ou de um profissional de sa\u00fade mental pode ajudar muito quando voc\u00ea voltar ao ritmo.)\u00a0<\/p>\n\n\n\n<p><strong>Priorize o autocuidado.\u00a0<\/strong>Fa\u00e7a o seu melhor para comer refei\u00e7\u00f5es nutritivas, praticar atividade f\u00edsica regular e ter uma boa noite de sono.\u00a0E procure outras estrat\u00e9gias de enfrentamento saud\u00e1veis, como arte, m\u00fasica, medita\u00e7\u00e3o, relaxamento e passar tempo na natureza.\u00a0<\/p>\n\n\n\n<p><strong>Seja paciente.\u00a0<\/strong>Lembre-se de que \u00e9 normal ter uma rea\u00e7\u00e3o forte a um evento desagrad\u00e1vel.\u00a0Fa\u00e7a as coisas um dia de cada vez enquanto se recupera.\u00a0Com o passar dos dias, seus sintomas devem come\u00e7ar a melhorar gradualmente.\u00a0<\/p>\n\n\n\n<p><strong>Quando procurar ajuda de um profissional?<\/strong><\/p>\n\n\n\n<p>Nem todo mundo requer tratamento para estresse traum\u00e1tico.&nbsp;A maioria das pessoas se recupera sozinha com o tempo.&nbsp;No entanto, profissionais de sa\u00fade mental, como psic\u00f3logos, podem ajud\u00e1-lo a encontrar maneiras saud\u00e1veis \u200b\u200bde lidar com as consequ\u00eancias de um evento traum\u00e1tico.&nbsp;<\/p>\n\n\n\n<p>Se sua ang\u00fastia est\u00e1 interferindo em seus relacionamentos, trabalho ou funcionamento di\u00e1rio, voc\u00ea pode ter transtorno de estresse agudo, ent\u00e3o busque ajuda de um profissional.<\/p>\n\n\n\n<p>Christine Bianchi (CRP 12\/11234) &#8211; Psic\u00f3loga e Terapeura EMDR <\/p>\n\n\n\n<p><a href=\"https:\/\/www.instagram.com\/christinebianchi.psicologa\/\">https:\/\/www.instagram.com\/christinebianchi.psicologa\/<\/a><\/p>\n","protected":false},"excerpt":{"rendered":"<p>O estresse traum\u00e1tico \u00e9 uma rea\u00e7\u00e3o normal a um evento anormal. Normalmente, os sintomas melhoram com o tempo, mas pessoas com sintomas mais intensos podem precisar de ajuda profissional.<\/p>\n","protected":false},"author":1,"featured_media":150,"comment_status":"open","ping_status":"open","sticky":false,"template":"","format":"standard","meta":{"_monsterinsights_skip_tracking":false,"_monsterinsights_sitenote_active":false,"_monsterinsights_sitenote_note":"","_monsterinsights_sitenote_category":0},"categories":[10],"tags":[99,73,92,93,97,102,100,103,77,98,96,104,80,94,95],"yoast_head":"<!-- This site is optimized with the Yoast SEO plugin v16.1.1 - https:\/\/yoast.com\/wordpress\/plugins\/seo\/ -->\n<title>Como lidar com o estresse traum\u00e1tico? - Christine Bianchi<\/title>\n<link rel=\"canonical\" href=\"https:\/\/cbianchi.com.br\/blog\/como-lidar-com-o-estresse-traumatico\/\" \/>\n<meta property=\"og:locale\" content=\"pt_BR\" \/>\n<meta property=\"og:type\" content=\"article\" \/>\n<meta property=\"og:title\" content=\"Como lidar com o estresse traum\u00e1tico? - Christine Bianchi\" \/>\n<meta property=\"og:description\" content=\"O estresse traum\u00e1tico \u00e9 uma rea\u00e7\u00e3o normal a um evento anormal. Normalmente, os sintomas melhoram com o tempo, mas pessoas com sintomas mais intensos podem precisar de ajuda profissional.\" \/>\n<meta property=\"og:url\" content=\"https:\/\/cbianchi.com.br\/blog\/como-lidar-com-o-estresse-traumatico\/\" \/>\n<meta property=\"og:site_name\" content=\"Christine Bianchi\" \/>\n<meta property=\"article:publisher\" content=\"https:\/\/www.facebook.com\/christinebianchi.psicologa\" \/>\n<meta property=\"article:published_time\" content=\"2020-08-25T15:00:00+00:00\" \/>\n<meta property=\"article:modified_time\" content=\"2020-08-24T18:00:07+00:00\" \/>\n<meta property=\"og:image\" content=\"https:\/\/cbianchi.com.br\/blog\/wp-content\/uploads\/2020\/08\/transtorno-de-estresse-pos-traumatico-1.jpg\" \/>\n\t<meta property=\"og:image:width\" content=\"334\" \/>\n\t<meta property=\"og:image:height\" content=\"222\" \/>\n<meta name=\"twitter:card\" content=\"summary_large_image\" \/>\n<meta name=\"twitter:label1\" content=\"Est. tempo de leitura\">\n\t<meta name=\"twitter:data1\" content=\"3 minutos\">\n<script type=\"application\/ld+json\" class=\"yoast-schema-graph\">{\"@context\":\"https:\/\/schema.org\",\"@graph\":[{\"@type\":\"Organization\",\"@id\":\"https:\/\/cbianchi.com.br\/blog\/#organization\",\"name\":\"Christine Bianchi - Psic\\u00f3loga cl\\u00ednica em Blumenau\",\"url\":\"https:\/\/cbianchi.com.br\/blog\/\",\"sameAs\":[\"https:\/\/www.facebook.com\/christinebianchi.psicologa\",\"https:\/\/www.instagram.com\/christinebianchi.psicologa\/?hl=pt-br\",\"https:\/\/www.linkedin.com\/in\/christine-bianchi-b7239344\"],\"logo\":{\"@type\":\"ImageObject\",\"@id\":\"https:\/\/cbianchi.com.br\/blog\/#logo\",\"inLanguage\":\"pt-BR\",\"url\":\"http:\/\/cbianchi.com.br\/blog\/wp-content\/uploads\/2020\/04\/cropped-logo.jpg\",\"contentUrl\":\"http:\/\/cbianchi.com.br\/blog\/wp-content\/uploads\/2020\/04\/cropped-logo.jpg\",\"width\":489,\"height\":197,\"caption\":\"Christine Bianchi - Psic\\u00f3loga cl\\u00ednica em Blumenau\"},\"image\":{\"@id\":\"https:\/\/cbianchi.com.br\/blog\/#logo\"}},{\"@type\":\"WebSite\",\"@id\":\"https:\/\/cbianchi.com.br\/blog\/#website\",\"url\":\"https:\/\/cbianchi.com.br\/blog\/\",\"name\":\"Christine Bianchi\",\"description\":\"\",\"publisher\":{\"@id\":\"https:\/\/cbianchi.com.br\/blog\/#organization\"},\"potentialAction\":[{\"@type\":\"SearchAction\",\"target\":\"https:\/\/cbianchi.com.br\/blog\/?s={search_term_string}\",\"query-input\":\"required name=search_term_string\"}],\"inLanguage\":\"pt-BR\"},{\"@type\":\"ImageObject\",\"@id\":\"https:\/\/cbianchi.com.br\/blog\/como-lidar-com-o-estresse-traumatico\/#primaryimage\",\"inLanguage\":\"pt-BR\",\"url\":\"https:\/\/cbianchi.com.br\/blog\/wp-content\/uploads\/2020\/08\/transtorno-de-estresse-pos-traumatico-1.jpg\",\"contentUrl\":\"https:\/\/cbianchi.com.br\/blog\/wp-content\/uploads\/2020\/08\/transtorno-de-estresse-pos-traumatico-1.jpg\",\"width\":334,\"height\":222},{\"@type\":\"WebPage\",\"@id\":\"https:\/\/cbianchi.com.br\/blog\/como-lidar-com-o-estresse-traumatico\/#webpage\",\"url\":\"https:\/\/cbianchi.com.br\/blog\/como-lidar-com-o-estresse-traumatico\/\",\"name\":\"Como lidar com o estresse traum\\u00e1tico? - Christine Bianchi\",\"isPartOf\":{\"@id\":\"https:\/\/cbianchi.com.br\/blog\/#website\"},\"primaryImageOfPage\":{\"@id\":\"https:\/\/cbianchi.com.br\/blog\/como-lidar-com-o-estresse-traumatico\/#primaryimage\"},\"datePublished\":\"2020-08-25T15:00:00+00:00\",\"dateModified\":\"2020-08-24T18:00:07+00:00\",\"breadcrumb\":{\"@id\":\"https:\/\/cbianchi.com.br\/blog\/como-lidar-com-o-estresse-traumatico\/#breadcrumb\"},\"inLanguage\":\"pt-BR\",\"potentialAction\":[{\"@type\":\"ReadAction\",\"target\":[\"https:\/\/cbianchi.com.br\/blog\/como-lidar-com-o-estresse-traumatico\/\"]}]},{\"@type\":\"BreadcrumbList\",\"@id\":\"https:\/\/cbianchi.com.br\/blog\/como-lidar-com-o-estresse-traumatico\/#breadcrumb\",\"itemListElement\":[{\"@type\":\"ListItem\",\"position\":1,\"item\":{\"@type\":\"WebPage\",\"@id\":\"https:\/\/cbianchi.com.br\/blog\/\",\"url\":\"https:\/\/cbianchi.com.br\/blog\/\",\"name\":\"In\\u00edcio\"}},{\"@type\":\"ListItem\",\"position\":2,\"item\":{\"@type\":\"WebPage\",\"@id\":\"https:\/\/cbianchi.com.br\/blog\/como-lidar-com-o-estresse-traumatico\/\",\"url\":\"https:\/\/cbianchi.com.br\/blog\/como-lidar-com-o-estresse-traumatico\/\",\"name\":\"Como lidar com o estresse traum\\u00e1tico?\"}}]},{\"@type\":\"Article\",\"@id\":\"https:\/\/cbianchi.com.br\/blog\/como-lidar-com-o-estresse-traumatico\/#article\",\"isPartOf\":{\"@id\":\"https:\/\/cbianchi.com.br\/blog\/como-lidar-com-o-estresse-traumatico\/#webpage\"},\"author\":{\"@id\":\"https:\/\/cbianchi.com.br\/blog\/#\/schema\/person\/8c0ae971ec347d3c4a54c943206898b3\"},\"headline\":\"Como lidar com o estresse traum\\u00e1tico?\",\"datePublished\":\"2020-08-25T15:00:00+00:00\",\"dateModified\":\"2020-08-24T18:00:07+00:00\",\"mainEntityOfPage\":{\"@id\":\"https:\/\/cbianchi.com.br\/blog\/como-lidar-com-o-estresse-traumatico\/#webpage\"},\"commentCount\":0,\"publisher\":{\"@id\":\"https:\/\/cbianchi.com.br\/blog\/#organization\"},\"image\":{\"@id\":\"https:\/\/cbianchi.com.br\/blog\/como-lidar-com-o-estresse-traumatico\/#primaryimage\"},\"keywords\":\"dificuldade em dormir,emdr,estresse,estresse traum\\u00e1tico,irritabilidade,pesadelos,problema de relacionamento,psic\\u00f3loga,psicologia,raiva,sensa\\u00e7\\u00e3o de nervosismo,terapia emd,transtorno de estresse p\\u00f3s-traum\\u00e1tico,trauma,tristeza\",\"articleSection\":\"Dicas de Psicologia\",\"inLanguage\":\"pt-BR\",\"potentialAction\":[{\"@type\":\"CommentAction\",\"name\":\"Comment\",\"target\":[\"https:\/\/cbianchi.com.br\/blog\/como-lidar-com-o-estresse-traumatico\/#respond\"]}]},{\"@type\":\"Person\",\"@id\":\"https:\/\/cbianchi.com.br\/blog\/#\/schema\/person\/8c0ae971ec347d3c4a54c943206898b3\",\"name\":\"christinebianchi\",\"image\":{\"@type\":\"ImageObject\",\"@id\":\"https:\/\/cbianchi.com.br\/blog\/#personlogo\",\"inLanguage\":\"pt-BR\",\"url\":\"https:\/\/secure.gravatar.com\/avatar\/b1350d644c93875b983f74620e9c470a?s=96&d=mm&r=g\",\"contentUrl\":\"https:\/\/secure.gravatar.com\/avatar\/b1350d644c93875b983f74620e9c470a?s=96&d=mm&r=g\",\"caption\":\"christinebianchi\"},\"sameAs\":[\"http:\/\/cbianchi.com.br\/blog\"]}]}<\/script>\n<!-- \/ Yoast SEO plugin. -->","_links":{"self":[{"href":"https:\/\/cbianchi.com.br\/blog\/wp-json\/wp\/v2\/posts\/149"}],"collection":[{"href":"https:\/\/cbianchi.com.br\/blog\/wp-json\/wp\/v2\/posts"}],"about":[{"href":"https:\/\/cbianchi.com.br\/blog\/wp-json\/wp\/v2\/types\/post"}],"author":[{"embeddable":true,"href":"https:\/\/cbianchi.com.br\/blog\/wp-json\/wp\/v2\/users\/1"}],"replies":[{"embeddable":true,"href":"https:\/\/cbianchi.com.br\/blog\/wp-json\/wp\/v2\/comments?post=149"}],"version-history":[{"count":1,"href":"https:\/\/cbianchi.com.br\/blog\/wp-json\/wp\/v2\/posts\/149\/revisions"}],"predecessor-version":[{"id":151,"href":"https:\/\/cbianchi.com.br\/blog\/wp-json\/wp\/v2\/posts\/149\/revisions\/151"}],"wp:featuredmedia":[{"embeddable":true,"href":"https:\/\/cbianchi.com.br\/blog\/wp-json\/wp\/v2\/media\/150"}],"wp:attachment":[{"href":"https:\/\/cbianchi.com.br\/blog\/wp-json\/wp\/v2\/media?parent=149"}],"wp:term":[{"taxonomy":"category","embeddable":true,"href":"https:\/\/cbianchi.com.br\/blog\/wp-json\/wp\/v2\/categories?post=149"},{"taxonomy":"post_tag","embeddable":true,"href":"https:\/\/cbianchi.com.br\/blog\/wp-json\/wp\/v2\/tags?post=149"}],"curies":[{"name":"wp","href":"https:\/\/api.w.org\/{rel}","templated":true}]}}